{"id":582,"date":"2017-06-03T08:25:58","date_gmt":"2017-06-03T08:25:58","guid":{"rendered":"http:\/\/wpthemetestdata.wordpress.com\/?p=582"},"modified":"2017-06-03T08:25:58","modified_gmt":"2017-06-03T08:25:58","slug":"caring-for-construction","status":"publish","type":"post","link":"https:\/\/www.kontejnery-tomeczech.cz\/index.php\/2017\/06\/03\/caring-for-construction\/","title":{"rendered":"Caring for construction"},"content":{"rendered":"<p>Mrs. Darling first heard of Peter when she was tidying up her children&#8217;s minds. It is the nightly custom of every good mother after her children are asleep to rummage in their minds and put things straight for next morning, repacking into their proper places the many articles that have wandered during the day.<\/p>\n<p>If you could keep awake (but of course you can&#8217;t) you would see your own mother doing this, and you would find it very interesting to watch her. It is quite like tidying up drawers. You would see her on her knees, I expect, lingering humorously over some of your contents, wondering where on earth you had picked this thing up, making discoveries sweet and not so sweet, pressing this to her cheek as if it were as nice as a kitten, and hurriedly stowing that out of sight. When you wake in the morning, the naughtiness and evil passions with which you went to bed have been folded up small and placed at the bottom of your mind and on the top, beautifully aired, are spread out your prettier thoughts, ready for you to put on.<\/p>\n<p><!--more--><\/p>\n<p><iframe width='500' height='281' src='https:\/\/videopress.com\/embed\/hrPKeL5t?hd=0' frameborder='0' allowfullscreen><\/iframe><script src='https:\/\/v0.wordpress.com\/js\/next\/videopress-iframe.js?m=1435166243'><\/script><\/p>\n<p>Posted as per the <a href=\"http:\/\/codex.wordpress.org\/Embeds\" target=\"_blank\" rel=\"noopener\">instructions in the Codex<\/a>.<\/p>\n","protected":false},"excerpt":{"rendered":"<p>Mrs. Darling first heard of Peter when she was tidying up her children&#8217;s minds. It is the nightly custom of every good mother after her children are asleep to rummage in their minds and put things straight for next morning, repacking into their proper places the many articles that have wandered during the day. If [&hellip;]<\/p>\n","protected":false},"author":1,"featured_media":2850,"comment_status":"closed","ping_status":"closed","sticky":false,"template":"","format":"video","meta":{"footnotes":""},"categories":[23,35],"tags":[41,53],"yoast_head":"<!-- This site is optimized with the Yoast SEO plugin v22.0 - https:\/\/yoast.com\/wordpress\/plugins\/seo\/ -->\n<title>Caring for construction | Lodn\u00ed kontejnery Tomeczech<\/title>\n<meta name=\"description\" content=\"Lodn\u00ed - n\u00e1mo\u0159n\u00ed - stavebn\u00ed - skladovac\u00ed kontejner pou\u017eit\u00fd i nov\u00fd za skv\u011bl\u00e9 ceny. Jsme prodejcem lodn\u00edch kontejner\u016f v Praze.\" \/>\n<meta name=\"robots\" content=\"index, follow, max-snippet:-1, max-image-preview:large, max-video-preview:-1\" \/>\n<link rel=\"canonical\" href=\"https:\/\/www.kontejnery-tomeczech.cz\/index.php\/2017\/06\/03\/caring-for-construction\/\" \/>\n<meta property=\"og:locale\" content=\"cs_CZ\" \/>\n<meta property=\"og:type\" content=\"article\" \/>\n<meta property=\"og:title\" content=\"Caring for construction | Lodn\u00ed kontejnery Tomeczech\" \/>\n<meta property=\"og:description\" content=\"Lodn\u00ed - n\u00e1mo\u0159n\u00ed - stavebn\u00ed - skladovac\u00ed kontejner pou\u017eit\u00fd i nov\u00fd za skv\u011bl\u00e9 ceny. Jsme prodejcem lodn\u00edch kontejner\u016f v Praze.\" \/>\n<meta property=\"og:url\" content=\"https:\/\/www.kontejnery-tomeczech.cz\/index.php\/2017\/06\/03\/caring-for-construction\/\" \/>\n<meta property=\"og:site_name\" content=\"Lodn\u00ed kontejnery Tomeczech\" \/>\n<meta property=\"article:published_time\" content=\"2017-06-03T08:25:58+00:00\" \/>\n<meta property=\"og:image\" content=\"https:\/\/www.kontejnery-tomeczech.cz\/wp-content\/uploads\/2017\/09\/Untitled-1sss.jpg\" \/>\n\t<meta property=\"og:image:width\" content=\"1140\" \/>\n\t<meta property=\"og:image:height\" content=\"640\" \/>\n\t<meta property=\"og:image:type\" content=\"image\/jpeg\" \/>\n<meta name=\"author\" content=\"kontejnery6\" \/>\n<meta name=\"twitter:card\" content=\"summary_large_image\" \/>\n<meta name=\"twitter:label1\" content=\"Napsal(a)\" \/>\n\t<meta name=\"twitter:data1\" content=\"kontejnery6\" \/>\n\t<meta name=\"twitter:label2\" content=\"Odhadovan\u00e1 doba \u010dten\u00ed\" \/>\n\t<meta name=\"twitter:data2\" content=\"1 minuta\" \/>\n<script type=\"application\/ld+json\" class=\"yoast-schema-graph\">{\"@context\":\"https:\/\/schema.org\",\"@graph\":[{\"@type\":\"Article\",\"@id\":\"https:\/\/www.kontejnery-tomeczech.cz\/index.php\/2017\/06\/03\/caring-for-construction\/#article\",\"isPartOf\":{\"@id\":\"https:\/\/www.kontejnery-tomeczech.cz\/index.php\/2017\/06\/03\/caring-for-construction\/\"},\"author\":{\"name\":\"kontejnery6\",\"@id\":\"https:\/\/www.kontejnery-tomeczech.cz\/#\/schema\/person\/13774168af649081fc26e3c5e8497573\"},\"headline\":\"Caring for construction\",\"datePublished\":\"2017-06-03T08:25:58+00:00\",\"dateModified\":\"2017-06-03T08:25:58+00:00\",\"mainEntityOfPage\":{\"@id\":\"https:\/\/www.kontejnery-tomeczech.cz\/index.php\/2017\/06\/03\/caring-for-construction\/\"},\"wordCount\":206,\"publisher\":{\"@id\":\"https:\/\/www.kontejnery-tomeczech.cz\/#organization\"},\"keywords\":[\"format\",\"Video\"],\"articleSection\":[\"Format\",\"Video\"],\"inLanguage\":\"cs\"},{\"@type\":\"WebPage\",\"@id\":\"https:\/\/www.kontejnery-tomeczech.cz\/index.php\/2017\/06\/03\/caring-for-construction\/\",\"url\":\"https:\/\/www.kontejnery-tomeczech.cz\/index.php\/2017\/06\/03\/caring-for-construction\/\",\"name\":\"Caring for construction | Lodn\u00ed kontejnery Tomeczech\",\"isPartOf\":{\"@id\":\"https:\/\/www.kontejnery-tomeczech.cz\/#website\"},\"datePublished\":\"2017-06-03T08:25:58+00:00\",\"dateModified\":\"2017-06-03T08:25:58+00:00\",\"description\":\"Lodn\u00ed - n\u00e1mo\u0159n\u00ed - stavebn\u00ed - skladovac\u00ed kontejner pou\u017eit\u00fd i nov\u00fd za skv\u011bl\u00e9 ceny. Jsme prodejcem lodn\u00edch kontejner\u016f v Praze.\",\"breadcrumb\":{\"@id\":\"https:\/\/www.kontejnery-tomeczech.cz\/index.php\/2017\/06\/03\/caring-for-construction\/#breadcrumb\"},\"inLanguage\":\"cs\",\"potentialAction\":[{\"@type\":\"ReadAction\",\"target\":[\"https:\/\/www.kontejnery-tomeczech.cz\/index.php\/2017\/06\/03\/caring-for-construction\/\"]}]},{\"@type\":\"BreadcrumbList\",\"@id\":\"https:\/\/www.kontejnery-tomeczech.cz\/index.php\/2017\/06\/03\/caring-for-construction\/#breadcrumb\",\"itemListElement\":[{\"@type\":\"ListItem\",\"position\":1,\"name\":\"Dom\u016f\",\"item\":\"https:\/\/www.kontejnery-tomeczech.cz\/\"},{\"@type\":\"ListItem\",\"position\":2,\"name\":\"Caring for construction\"}]},{\"@type\":\"WebSite\",\"@id\":\"https:\/\/www.kontejnery-tomeczech.cz\/#website\",\"url\":\"https:\/\/www.kontejnery-tomeczech.cz\/\",\"name\":\"Lodn\u00ed kontejnery Tomeczech\",\"description\":\"Prodej a pron\u00e1jem lodn\u00edch kontejner\u016f\",\"publisher\":{\"@id\":\"https:\/\/www.kontejnery-tomeczech.cz\/#organization\"},\"potentialAction\":[{\"@type\":\"SearchAction\",\"target\":{\"@type\":\"EntryPoint\",\"urlTemplate\":\"https:\/\/www.kontejnery-tomeczech.cz\/?s={search_term_string}\"},\"query-input\":\"required name=search_term_string\"}],\"inLanguage\":\"cs\"},{\"@type\":\"Organization\",\"@id\":\"https:\/\/www.kontejnery-tomeczech.cz\/#organization\",\"name\":\"Tomeczech s.r.o.\",\"url\":\"https:\/\/www.kontejnery-tomeczech.cz\/\",\"logo\":{\"@type\":\"ImageObject\",\"inLanguage\":\"cs\",\"@id\":\"https:\/\/www.kontejnery-tomeczech.cz\/#\/schema\/logo\/image\/\",\"url\":\"https:\/\/www.kontejnery-tomeczech.cz\/wp-content\/uploads\/2021\/02\/1364747.jpg\",\"contentUrl\":\"https:\/\/www.kontejnery-tomeczech.cz\/wp-content\/uploads\/2021\/02\/1364747.jpg\",\"width\":300,\"height\":63,\"caption\":\"Tomeczech s.r.o.\"},\"image\":{\"@id\":\"https:\/\/www.kontejnery-tomeczech.cz\/#\/schema\/logo\/image\/\"}},{\"@type\":\"Person\",\"@id\":\"https:\/\/www.kontejnery-tomeczech.cz\/#\/schema\/person\/13774168af649081fc26e3c5e8497573\",\"name\":\"kontejnery6\",\"image\":{\"@type\":\"ImageObject\",\"inLanguage\":\"cs\",\"@id\":\"https:\/\/www.kontejnery-tomeczech.cz\/#\/schema\/person\/image\/\",\"url\":\"https:\/\/secure.gravatar.com\/avatar\/59fdc33746370f32e72ac189feb91314?s=96&d=mm&r=g\",\"contentUrl\":\"https:\/\/secure.gravatar.com\/avatar\/59fdc33746370f32e72ac189feb91314?s=96&d=mm&r=g\",\"caption\":\"kontejnery6\"},\"sameAs\":[\"http:\/\/localhost\/wordpress\"]}]}<\/script>\n<!-- \/ Yoast SEO plugin. -->","yoast_head_json":{"title":"Caring for construction | Lodn\u00ed kontejnery Tomeczech","description":"Lodn\u00ed - n\u00e1mo\u0159n\u00ed - stavebn\u00ed - skladovac\u00ed kontejner pou\u017eit\u00fd i nov\u00fd za skv\u011bl\u00e9 ceny. Jsme prodejcem lodn\u00edch kontejner\u016f v Praze.","robots":{"index":"index","follow":"follow","max-snippet":"max-snippet:-1","max-image-preview":"max-image-preview:large","max-video-preview":"max-video-preview:-1"},"canonical":"https:\/\/www.kontejnery-tomeczech.cz\/index.php\/2017\/06\/03\/caring-for-construction\/","og_locale":"cs_CZ","og_type":"article","og_title":"Caring for construction | Lodn\u00ed kontejnery Tomeczech","og_description":"Lodn\u00ed - n\u00e1mo\u0159n\u00ed - stavebn\u00ed - skladovac\u00ed kontejner pou\u017eit\u00fd i nov\u00fd za skv\u011bl\u00e9 ceny. Jsme prodejcem lodn\u00edch kontejner\u016f v Praze.","og_url":"https:\/\/www.kontejnery-tomeczech.cz\/index.php\/2017\/06\/03\/caring-for-construction\/","og_site_name":"Lodn\u00ed kontejnery Tomeczech","article_published_time":"2017-06-03T08:25:58+00:00","og_image":[{"width":1140,"height":640,"url":"https:\/\/www.kontejnery-tomeczech.cz\/wp-content\/uploads\/2017\/09\/Untitled-1sss.jpg","type":"image\/jpeg"}],"author":"kontejnery6","twitter_card":"summary_large_image","twitter_misc":{"Napsal(a)":"kontejnery6","Odhadovan\u00e1 doba \u010dten\u00ed":"1 minuta"},"schema":{"@context":"https:\/\/schema.org","@graph":[{"@type":"Article","@id":"https:\/\/www.kontejnery-tomeczech.cz\/index.php\/2017\/06\/03\/caring-for-construction\/#article","isPartOf":{"@id":"https:\/\/www.kontejnery-tomeczech.cz\/index.php\/2017\/06\/03\/caring-for-construction\/"},"author":{"name":"kontejnery6","@id":"https:\/\/www.kontejnery-tomeczech.cz\/#\/schema\/person\/13774168af649081fc26e3c5e8497573"},"headline":"Caring for construction","datePublished":"2017-06-03T08:25:58+00:00","dateModified":"2017-06-03T08:25:58+00:00","mainEntityOfPage":{"@id":"https:\/\/www.kontejnery-tomeczech.cz\/index.php\/2017\/06\/03\/caring-for-construction\/"},"wordCount":206,"publisher":{"@id":"https:\/\/www.kontejnery-tomeczech.cz\/#organization"},"keywords":["format","Video"],"articleSection":["Format","Video"],"inLanguage":"cs"},{"@type":"WebPage","@id":"https:\/\/www.kontejnery-tomeczech.cz\/index.php\/2017\/06\/03\/caring-for-construction\/","url":"https:\/\/www.kontejnery-tomeczech.cz\/index.php\/2017\/06\/03\/caring-for-construction\/","name":"Caring for construction | Lodn\u00ed kontejnery Tomeczech","isPartOf":{"@id":"https:\/\/www.kontejnery-tomeczech.cz\/#website"},"datePublished":"2017-06-03T08:25:58+00:00","dateModified":"2017-06-03T08:25:58+00:00","description":"Lodn\u00ed - n\u00e1mo\u0159n\u00ed - stavebn\u00ed - skladovac\u00ed kontejner pou\u017eit\u00fd i nov\u00fd za skv\u011bl\u00e9 ceny. Jsme prodejcem lodn\u00edch kontejner\u016f v Praze.","breadcrumb":{"@id":"https:\/\/www.kontejnery-tomeczech.cz\/index.php\/2017\/06\/03\/caring-for-construction\/#breadcrumb"},"inLanguage":"cs","potentialAction":[{"@type":"ReadAction","target":["https:\/\/www.kontejnery-tomeczech.cz\/index.php\/2017\/06\/03\/caring-for-construction\/"]}]},{"@type":"BreadcrumbList","@id":"https:\/\/www.kontejnery-tomeczech.cz\/index.php\/2017\/06\/03\/caring-for-construction\/#breadcrumb","itemListElement":[{"@type":"ListItem","position":1,"name":"Dom\u016f","item":"https:\/\/www.kontejnery-tomeczech.cz\/"},{"@type":"ListItem","position":2,"name":"Caring for construction"}]},{"@type":"WebSite","@id":"https:\/\/www.kontejnery-tomeczech.cz\/#website","url":"https:\/\/www.kontejnery-tomeczech.cz\/","name":"Lodn\u00ed kontejnery Tomeczech","description":"Prodej a pron\u00e1jem lodn\u00edch kontejner\u016f","publisher":{"@id":"https:\/\/www.kontejnery-tomeczech.cz\/#organization"},"potentialAction":[{"@type":"SearchAction","target":{"@type":"EntryPoint","urlTemplate":"https:\/\/www.kontejnery-tomeczech.cz\/?s={search_term_string}"},"query-input":"required name=search_term_string"}],"inLanguage":"cs"},{"@type":"Organization","@id":"https:\/\/www.kontejnery-tomeczech.cz\/#organization","name":"Tomeczech s.r.o.","url":"https:\/\/www.kontejnery-tomeczech.cz\/","logo":{"@type":"ImageObject","inLanguage":"cs","@id":"https:\/\/www.kontejnery-tomeczech.cz\/#\/schema\/logo\/image\/","url":"https:\/\/www.kontejnery-tomeczech.cz\/wp-content\/uploads\/2021\/02\/1364747.jpg","contentUrl":"https:\/\/www.kontejnery-tomeczech.cz\/wp-content\/uploads\/2021\/02\/1364747.jpg","width":300,"height":63,"caption":"Tomeczech s.r.o."},"image":{"@id":"https:\/\/www.kontejnery-tomeczech.cz\/#\/schema\/logo\/image\/"}},{"@type":"Person","@id":"https:\/\/www.kontejnery-tomeczech.cz\/#\/schema\/person\/13774168af649081fc26e3c5e8497573","name":"kontejnery6","image":{"@type":"ImageObject","inLanguage":"cs","@id":"https:\/\/www.kontejnery-tomeczech.cz\/#\/schema\/person\/image\/","url":"https:\/\/secure.gravatar.com\/avatar\/59fdc33746370f32e72ac189feb91314?s=96&d=mm&r=g","contentUrl":"https:\/\/secure.gravatar.com\/avatar\/59fdc33746370f32e72ac189feb91314?s=96&d=mm&r=g","caption":"kontejnery6"},"sameAs":["http:\/\/localhost\/wordpress"]}]}},"jetpack_sharing_enabled":true,"jetpack_featured_media_url":"https:\/\/www.kontejnery-tomeczech.cz\/wp-content\/uploads\/2017\/09\/Untitled-1sss.jpg","_links":{"self":[{"href":"https:\/\/www.kontejnery-tomeczech.cz\/index.php\/wp-json\/wp\/v2\/posts\/582"}],"collection":[{"href":"https:\/\/www.kontejnery-tomeczech.cz\/index.php\/wp-json\/wp\/v2\/posts"}],"about":[{"href":"https:\/\/www.kontejnery-tomeczech.cz\/index.php\/wp-json\/wp\/v2\/types\/post"}],"author":[{"embeddable":true,"href":"https:\/\/www.kontejnery-tomeczech.cz\/index.php\/wp-json\/wp\/v2\/users\/1"}],"replies":[{"embeddable":true,"href":"https:\/\/www.kontejnery-tomeczech.cz\/index.php\/wp-json\/wp\/v2\/comments?post=582"}],"version-history":[{"count":0,"href":"https:\/\/www.kontejnery-tomeczech.cz\/index.php\/wp-json\/wp\/v2\/posts\/582\/revisions"}],"wp:featuredmedia":[{"embeddable":true,"href":"https:\/\/www.kontejnery-tomeczech.cz\/index.php\/wp-json\/wp\/v2\/media\/2850"}],"wp:attachment":[{"href":"https:\/\/www.kontejnery-tomeczech.cz\/index.php\/wp-json\/wp\/v2\/media?parent=582"}],"wp:term":[{"taxonomy":"category","embeddable":true,"href":"https:\/\/www.kontejnery-tomeczech.cz\/index.php\/wp-json\/wp\/v2\/categories?post=582"},{"taxonomy":"post_tag","embeddable":true,"href":"https:\/\/www.kontejnery-tomeczech.cz\/index.php\/wp-json\/wp\/v2\/tags?post=582"}],"curies":[{"name":"wp","href":"https:\/\/api.w.org\/{rel}","templated":true}]}}