{"id":1164,"date":"2017-04-09T11:20:39","date_gmt":"2017-04-09T11:20:39","guid":{"rendered":"http:\/\/wptest.io\/demo\/?p=922"},"modified":"2017-04-09T11:20:39","modified_gmt":"2017-04-09T11:20:39","slug":"consectetur-adipisicing-elit-sed-do-eiusmod","status":"publish","type":"post","link":"https:\/\/www.kontejnery-tomeczech.cz\/index.php\/2017\/04\/09\/consectetur-adipisicing-elit-sed-do-eiusmod\/","title":{"rendered":"Consectetur adipisicing elit, sed do eiusmod"},"content":{"rendered":"<p>Dolor sit amet, consectetur adipisicing elit, sed do eiusmod tempor incididunt ut labore et dolore magna aliqua. Ut enim ad minim veniam, quis nostrud exercitation ullamco laboris nisi ut aliquip ex ea commodo consequat. Duis aute irure dolor in reprehenderit in voluptate velit esse cillum dolore eu fugiat nulla pariatur. Excepteur sint occaecat cupidatat non proident, sunt in culpa qui officia deserunt mollit anim id est laborum.<\/p>\n<p><!--more--><\/p>\n<p>Lorem ipsum dolor sit amet, consectetur adipisicing elit, sed do eiusmod tempor incididunt ut labore et dolore magna aliqua. Ut enim ad minim veniam, quis nostrud exercitation ullamco laboris nisi ut aliquip ex ea commodo consequat. Duis aute irure dolor in reprehenderit in voluptate velit esse cillum dolore eu fugiat nulla pariatur. Excepteur sint occaecat cupidatat non proident, sunt in culpa qui officia deserunt mollit anim id est laborum.<\/p>\n","protected":false},"excerpt":{"rendered":"<p>Dolor sit amet, consectetur adipisicing elit, sed do eiusmod tempor incididunt ut labore et dolore magna aliqua. Ut enim ad minim veniam, quis nostrud exercitation ullamco laboris nisi ut aliquip ex ea commodo consequat. Duis aute irure dolor in reprehenderit in voluptate velit esse cillum dolore eu fugiat nulla pariatur. Excepteur sint occaecat cupidatat non [&hellip;]<\/p>\n","protected":false},"author":1,"featured_media":2845,"comment_status":"closed","ping_status":"closed","sticky":false,"template":"","format":"aside","meta":{"footnotes":""},"categories":[28,30,34],"tags":[36,46],"yoast_head":"<!-- This site is optimized with the Yoast SEO plugin v22.0 - https:\/\/yoast.com\/wordpress\/plugins\/seo\/ -->\n<title>Consectetur adipisicing elit, sed do eiusmod | Lodn\u00ed kontejnery Tomeczech<\/title>\n<meta name=\"description\" content=\"Lodn\u00ed - n\u00e1mo\u0159n\u00ed - stavebn\u00ed - skladovac\u00ed kontejner pou\u017eit\u00fd i nov\u00fd za skv\u011bl\u00e9 ceny. Jsme prodejcem lodn\u00edch kontejner\u016f v Praze.\" \/>\n<meta name=\"robots\" content=\"index, follow, max-snippet:-1, max-image-preview:large, max-video-preview:-1\" \/>\n<link rel=\"canonical\" href=\"https:\/\/www.kontejnery-tomeczech.cz\/index.php\/2017\/04\/09\/consectetur-adipisicing-elit-sed-do-eiusmod\/\" \/>\n<meta property=\"og:locale\" content=\"cs_CZ\" \/>\n<meta property=\"og:type\" content=\"article\" \/>\n<meta property=\"og:title\" content=\"Consectetur adipisicing elit, sed do eiusmod | Lodn\u00ed kontejnery Tomeczech\" \/>\n<meta property=\"og:description\" content=\"Lodn\u00ed - n\u00e1mo\u0159n\u00ed - stavebn\u00ed - skladovac\u00ed kontejner pou\u017eit\u00fd i nov\u00fd za skv\u011bl\u00e9 ceny. Jsme prodejcem lodn\u00edch kontejner\u016f v Praze.\" \/>\n<meta property=\"og:url\" content=\"https:\/\/www.kontejnery-tomeczech.cz\/index.php\/2017\/04\/09\/consectetur-adipisicing-elit-sed-do-eiusmod\/\" \/>\n<meta property=\"og:site_name\" content=\"Lodn\u00ed kontejnery Tomeczech\" \/>\n<meta property=\"article:published_time\" content=\"2017-04-09T11:20:39+00:00\" \/>\n<meta property=\"og:image\" content=\"https:\/\/www.kontejnery-tomeczech.cz\/wp-content\/uploads\/2017\/09\/photodune-3693497-dance-club-s-860x615-1.jpg\" \/>\n\t<meta property=\"og:image:width\" content=\"1142\" \/>\n\t<meta property=\"og:image:height\" content=\"640\" \/>\n\t<meta property=\"og:image:type\" content=\"image\/jpeg\" \/>\n<meta name=\"author\" content=\"kontejnery6\" \/>\n<meta name=\"twitter:card\" content=\"summary_large_image\" \/>\n<meta name=\"twitter:label1\" content=\"Napsal(a)\" \/>\n\t<meta name=\"twitter:data1\" content=\"kontejnery6\" \/>\n\t<meta name=\"twitter:label2\" content=\"Odhadovan\u00e1 doba \u010dten\u00ed\" \/>\n\t<meta name=\"twitter:data2\" content=\"1 minuta\" \/>\n<script type=\"application\/ld+json\" class=\"yoast-schema-graph\">{\"@context\":\"https:\/\/schema.org\",\"@graph\":[{\"@type\":\"Article\",\"@id\":\"https:\/\/www.kontejnery-tomeczech.cz\/index.php\/2017\/04\/09\/consectetur-adipisicing-elit-sed-do-eiusmod\/#article\",\"isPartOf\":{\"@id\":\"https:\/\/www.kontejnery-tomeczech.cz\/index.php\/2017\/04\/09\/consectetur-adipisicing-elit-sed-do-eiusmod\/\"},\"author\":{\"name\":\"kontejnery6\",\"@id\":\"https:\/\/www.kontejnery-tomeczech.cz\/#\/schema\/person\/13774168af649081fc26e3c5e8497573\"},\"headline\":\"Consectetur adipisicing elit, sed do eiusmod\",\"datePublished\":\"2017-04-09T11:20:39+00:00\",\"dateModified\":\"2017-04-09T11:20:39+00:00\",\"mainEntityOfPage\":{\"@id\":\"https:\/\/www.kontejnery-tomeczech.cz\/index.php\/2017\/04\/09\/consectetur-adipisicing-elit-sed-do-eiusmod\/\"},\"wordCount\":142,\"publisher\":{\"@id\":\"https:\/\/www.kontejnery-tomeczech.cz\/#organization\"},\"keywords\":[\"aside\",\"Lorem\"],\"articleSection\":[\"Lorem\",\"Passion\",\"Travel\"],\"inLanguage\":\"cs\"},{\"@type\":\"WebPage\",\"@id\":\"https:\/\/www.kontejnery-tomeczech.cz\/index.php\/2017\/04\/09\/consectetur-adipisicing-elit-sed-do-eiusmod\/\",\"url\":\"https:\/\/www.kontejnery-tomeczech.cz\/index.php\/2017\/04\/09\/consectetur-adipisicing-elit-sed-do-eiusmod\/\",\"name\":\"Consectetur adipisicing elit, sed do eiusmod | Lodn\u00ed kontejnery Tomeczech\",\"isPartOf\":{\"@id\":\"https:\/\/www.kontejnery-tomeczech.cz\/#website\"},\"datePublished\":\"2017-04-09T11:20:39+00:00\",\"dateModified\":\"2017-04-09T11:20:39+00:00\",\"description\":\"Lodn\u00ed - n\u00e1mo\u0159n\u00ed - stavebn\u00ed - skladovac\u00ed kontejner pou\u017eit\u00fd i nov\u00fd za skv\u011bl\u00e9 ceny. Jsme prodejcem lodn\u00edch kontejner\u016f v Praze.\",\"breadcrumb\":{\"@id\":\"https:\/\/www.kontejnery-tomeczech.cz\/index.php\/2017\/04\/09\/consectetur-adipisicing-elit-sed-do-eiusmod\/#breadcrumb\"},\"inLanguage\":\"cs\",\"potentialAction\":[{\"@type\":\"ReadAction\",\"target\":[\"https:\/\/www.kontejnery-tomeczech.cz\/index.php\/2017\/04\/09\/consectetur-adipisicing-elit-sed-do-eiusmod\/\"]}]},{\"@type\":\"BreadcrumbList\",\"@id\":\"https:\/\/www.kontejnery-tomeczech.cz\/index.php\/2017\/04\/09\/consectetur-adipisicing-elit-sed-do-eiusmod\/#breadcrumb\",\"itemListElement\":[{\"@type\":\"ListItem\",\"position\":1,\"name\":\"Dom\u016f\",\"item\":\"https:\/\/www.kontejnery-tomeczech.cz\/\"},{\"@type\":\"ListItem\",\"position\":2,\"name\":\"Consectetur adipisicing elit, sed do eiusmod\"}]},{\"@type\":\"WebSite\",\"@id\":\"https:\/\/www.kontejnery-tomeczech.cz\/#website\",\"url\":\"https:\/\/www.kontejnery-tomeczech.cz\/\",\"name\":\"Lodn\u00ed kontejnery Tomeczech\",\"description\":\"Prodej a pron\u00e1jem lodn\u00edch kontejner\u016f\",\"publisher\":{\"@id\":\"https:\/\/www.kontejnery-tomeczech.cz\/#organization\"},\"potentialAction\":[{\"@type\":\"SearchAction\",\"target\":{\"@type\":\"EntryPoint\",\"urlTemplate\":\"https:\/\/www.kontejnery-tomeczech.cz\/?s={search_term_string}\"},\"query-input\":\"required name=search_term_string\"}],\"inLanguage\":\"cs\"},{\"@type\":\"Organization\",\"@id\":\"https:\/\/www.kontejnery-tomeczech.cz\/#organization\",\"name\":\"Tomeczech s.r.o.\",\"url\":\"https:\/\/www.kontejnery-tomeczech.cz\/\",\"logo\":{\"@type\":\"ImageObject\",\"inLanguage\":\"cs\",\"@id\":\"https:\/\/www.kontejnery-tomeczech.cz\/#\/schema\/logo\/image\/\",\"url\":\"https:\/\/www.kontejnery-tomeczech.cz\/wp-content\/uploads\/2021\/02\/1364747.jpg\",\"contentUrl\":\"https:\/\/www.kontejnery-tomeczech.cz\/wp-content\/uploads\/2021\/02\/1364747.jpg\",\"width\":300,\"height\":63,\"caption\":\"Tomeczech s.r.o.\"},\"image\":{\"@id\":\"https:\/\/www.kontejnery-tomeczech.cz\/#\/schema\/logo\/image\/\"}},{\"@type\":\"Person\",\"@id\":\"https:\/\/www.kontejnery-tomeczech.cz\/#\/schema\/person\/13774168af649081fc26e3c5e8497573\",\"name\":\"kontejnery6\",\"image\":{\"@type\":\"ImageObject\",\"inLanguage\":\"cs\",\"@id\":\"https:\/\/www.kontejnery-tomeczech.cz\/#\/schema\/person\/image\/\",\"url\":\"https:\/\/secure.gravatar.com\/avatar\/59fdc33746370f32e72ac189feb91314?s=96&d=mm&r=g\",\"contentUrl\":\"https:\/\/secure.gravatar.com\/avatar\/59fdc33746370f32e72ac189feb91314?s=96&d=mm&r=g\",\"caption\":\"kontejnery6\"},\"sameAs\":[\"http:\/\/localhost\/wordpress\"]}]}<\/script>\n<!-- \/ Yoast SEO plugin. -->","yoast_head_json":{"title":"Consectetur adipisicing elit, sed do eiusmod | Lodn\u00ed kontejnery Tomeczech","description":"Lodn\u00ed - n\u00e1mo\u0159n\u00ed - stavebn\u00ed - skladovac\u00ed kontejner pou\u017eit\u00fd i nov\u00fd za skv\u011bl\u00e9 ceny. Jsme prodejcem lodn\u00edch kontejner\u016f v Praze.","robots":{"index":"index","follow":"follow","max-snippet":"max-snippet:-1","max-image-preview":"max-image-preview:large","max-video-preview":"max-video-preview:-1"},"canonical":"https:\/\/www.kontejnery-tomeczech.cz\/index.php\/2017\/04\/09\/consectetur-adipisicing-elit-sed-do-eiusmod\/","og_locale":"cs_CZ","og_type":"article","og_title":"Consectetur adipisicing elit, sed do eiusmod | Lodn\u00ed kontejnery Tomeczech","og_description":"Lodn\u00ed - n\u00e1mo\u0159n\u00ed - stavebn\u00ed - skladovac\u00ed kontejner pou\u017eit\u00fd i nov\u00fd za skv\u011bl\u00e9 ceny. Jsme prodejcem lodn\u00edch kontejner\u016f v Praze.","og_url":"https:\/\/www.kontejnery-tomeczech.cz\/index.php\/2017\/04\/09\/consectetur-adipisicing-elit-sed-do-eiusmod\/","og_site_name":"Lodn\u00ed kontejnery Tomeczech","article_published_time":"2017-04-09T11:20:39+00:00","og_image":[{"width":1142,"height":640,"url":"https:\/\/www.kontejnery-tomeczech.cz\/wp-content\/uploads\/2017\/09\/photodune-3693497-dance-club-s-860x615-1.jpg","type":"image\/jpeg"}],"author":"kontejnery6","twitter_card":"summary_large_image","twitter_misc":{"Napsal(a)":"kontejnery6","Odhadovan\u00e1 doba \u010dten\u00ed":"1 minuta"},"schema":{"@context":"https:\/\/schema.org","@graph":[{"@type":"Article","@id":"https:\/\/www.kontejnery-tomeczech.cz\/index.php\/2017\/04\/09\/consectetur-adipisicing-elit-sed-do-eiusmod\/#article","isPartOf":{"@id":"https:\/\/www.kontejnery-tomeczech.cz\/index.php\/2017\/04\/09\/consectetur-adipisicing-elit-sed-do-eiusmod\/"},"author":{"name":"kontejnery6","@id":"https:\/\/www.kontejnery-tomeczech.cz\/#\/schema\/person\/13774168af649081fc26e3c5e8497573"},"headline":"Consectetur adipisicing elit, sed do eiusmod","datePublished":"2017-04-09T11:20:39+00:00","dateModified":"2017-04-09T11:20:39+00:00","mainEntityOfPage":{"@id":"https:\/\/www.kontejnery-tomeczech.cz\/index.php\/2017\/04\/09\/consectetur-adipisicing-elit-sed-do-eiusmod\/"},"wordCount":142,"publisher":{"@id":"https:\/\/www.kontejnery-tomeczech.cz\/#organization"},"keywords":["aside","Lorem"],"articleSection":["Lorem","Passion","Travel"],"inLanguage":"cs"},{"@type":"WebPage","@id":"https:\/\/www.kontejnery-tomeczech.cz\/index.php\/2017\/04\/09\/consectetur-adipisicing-elit-sed-do-eiusmod\/","url":"https:\/\/www.kontejnery-tomeczech.cz\/index.php\/2017\/04\/09\/consectetur-adipisicing-elit-sed-do-eiusmod\/","name":"Consectetur adipisicing elit, sed do eiusmod | Lodn\u00ed kontejnery Tomeczech","isPartOf":{"@id":"https:\/\/www.kontejnery-tomeczech.cz\/#website"},"datePublished":"2017-04-09T11:20:39+00:00","dateModified":"2017-04-09T11:20:39+00:00","description":"Lodn\u00ed - n\u00e1mo\u0159n\u00ed - stavebn\u00ed - skladovac\u00ed kontejner pou\u017eit\u00fd i nov\u00fd za skv\u011bl\u00e9 ceny. Jsme prodejcem lodn\u00edch kontejner\u016f v Praze.","breadcrumb":{"@id":"https:\/\/www.kontejnery-tomeczech.cz\/index.php\/2017\/04\/09\/consectetur-adipisicing-elit-sed-do-eiusmod\/#breadcrumb"},"inLanguage":"cs","potentialAction":[{"@type":"ReadAction","target":["https:\/\/www.kontejnery-tomeczech.cz\/index.php\/2017\/04\/09\/consectetur-adipisicing-elit-sed-do-eiusmod\/"]}]},{"@type":"BreadcrumbList","@id":"https:\/\/www.kontejnery-tomeczech.cz\/index.php\/2017\/04\/09\/consectetur-adipisicing-elit-sed-do-eiusmod\/#breadcrumb","itemListElement":[{"@type":"ListItem","position":1,"name":"Dom\u016f","item":"https:\/\/www.kontejnery-tomeczech.cz\/"},{"@type":"ListItem","position":2,"name":"Consectetur adipisicing elit, sed do eiusmod"}]},{"@type":"WebSite","@id":"https:\/\/www.kontejnery-tomeczech.cz\/#website","url":"https:\/\/www.kontejnery-tomeczech.cz\/","name":"Lodn\u00ed kontejnery Tomeczech","description":"Prodej a pron\u00e1jem lodn\u00edch kontejner\u016f","publisher":{"@id":"https:\/\/www.kontejnery-tomeczech.cz\/#organization"},"potentialAction":[{"@type":"SearchAction","target":{"@type":"EntryPoint","urlTemplate":"https:\/\/www.kontejnery-tomeczech.cz\/?s={search_term_string}"},"query-input":"required name=search_term_string"}],"inLanguage":"cs"},{"@type":"Organization","@id":"https:\/\/www.kontejnery-tomeczech.cz\/#organization","name":"Tomeczech s.r.o.","url":"https:\/\/www.kontejnery-tomeczech.cz\/","logo":{"@type":"ImageObject","inLanguage":"cs","@id":"https:\/\/www.kontejnery-tomeczech.cz\/#\/schema\/logo\/image\/","url":"https:\/\/www.kontejnery-tomeczech.cz\/wp-content\/uploads\/2021\/02\/1364747.jpg","contentUrl":"https:\/\/www.kontejnery-tomeczech.cz\/wp-content\/uploads\/2021\/02\/1364747.jpg","width":300,"height":63,"caption":"Tomeczech s.r.o."},"image":{"@id":"https:\/\/www.kontejnery-tomeczech.cz\/#\/schema\/logo\/image\/"}},{"@type":"Person","@id":"https:\/\/www.kontejnery-tomeczech.cz\/#\/schema\/person\/13774168af649081fc26e3c5e8497573","name":"kontejnery6","image":{"@type":"ImageObject","inLanguage":"cs","@id":"https:\/\/www.kontejnery-tomeczech.cz\/#\/schema\/person\/image\/","url":"https:\/\/secure.gravatar.com\/avatar\/59fdc33746370f32e72ac189feb91314?s=96&d=mm&r=g","contentUrl":"https:\/\/secure.gravatar.com\/avatar\/59fdc33746370f32e72ac189feb91314?s=96&d=mm&r=g","caption":"kontejnery6"},"sameAs":["http:\/\/localhost\/wordpress"]}]}},"jetpack_sharing_enabled":true,"jetpack_featured_media_url":"https:\/\/www.kontejnery-tomeczech.cz\/wp-content\/uploads\/2017\/09\/photodune-3693497-dance-club-s-860x615-1.jpg","_links":{"self":[{"href":"https:\/\/www.kontejnery-tomeczech.cz\/index.php\/wp-json\/wp\/v2\/posts\/1164"}],"collection":[{"href":"https:\/\/www.kontejnery-tomeczech.cz\/index.php\/wp-json\/wp\/v2\/posts"}],"about":[{"href":"https:\/\/www.kontejnery-tomeczech.cz\/index.php\/wp-json\/wp\/v2\/types\/post"}],"author":[{"embeddable":true,"href":"https:\/\/www.kontejnery-tomeczech.cz\/index.php\/wp-json\/wp\/v2\/users\/1"}],"replies":[{"embeddable":true,"href":"https:\/\/www.kontejnery-tomeczech.cz\/index.php\/wp-json\/wp\/v2\/comments?post=1164"}],"version-history":[{"count":0,"href":"https:\/\/www.kontejnery-tomeczech.cz\/index.php\/wp-json\/wp\/v2\/posts\/1164\/revisions"}],"wp:featuredmedia":[{"embeddable":true,"href":"https:\/\/www.kontejnery-tomeczech.cz\/index.php\/wp-json\/wp\/v2\/media\/2845"}],"wp:attachment":[{"href":"https:\/\/www.kontejnery-tomeczech.cz\/index.php\/wp-json\/wp\/v2\/media?parent=1164"}],"wp:term":[{"taxonomy":"category","embeddable":true,"href":"https:\/\/www.kontejnery-tomeczech.cz\/index.php\/wp-json\/wp\/v2\/categories?post=1164"},{"taxonomy":"post_tag","embeddable":true,"href":"https:\/\/www.kontejnery-tomeczech.cz\/index.php\/wp-json\/wp\/v2\/tags?post=1164"}],"curies":[{"name":"wp","href":"https:\/\/api.w.org\/{rel}","templated":true}]}}